{"id":36324,"date":"2026-09-01T13:31:42","date_gmt":"2026-09-01T11:31:42","guid":{"rendered":"https:\/\/moto-nautika.com\/?p=36324"},"modified":"2026-09-01T13:53:04","modified_gmt":"2026-09-01T11:53:04","slug":"pestra-navticna-jesen-pri-moto-nautiki","status":"publish","type":"post","link":"https:\/\/moto-nautika.com\/it\/blog\/navtika\/pestra-navticna-jesen-pri-moto-nautiki\/","title":{"rendered":"Pestra navti\u010dna jesen pri Moto-Nautiki"},"content":{"rendered":"<div data-elementor-type=\"wp-post\" data-elementor-id=\"36324\" class=\"elementor elementor-36324\" data-elementor-post-type=\"post\">\n\t\t\t\t<div class=\"elementor-element elementor-element-81a28fc e-flex e-con-boxed e-con e-parent\" data-id=\"81a28fc\" data-element_type=\"container\">\n\t\t\t\t\t<div class=\"e-con-inner\">\n\t\t\t\t<div class=\"elementor-element elementor-element-7f274bd elementor-widget elementor-widget-text-editor\" data-id=\"7f274bd\" data-element_type=\"widget\" data-widget_type=\"text-editor.default\">\n\t\t\t\t<div class=\"elementor-widget-container\">\n\t\t\t<style>\/*! elementor - v3.21.0 - 25-04-2024 *\/\n.elementor-widget-text-editor.elementor-drop-cap-view-stacked .elementor-drop-cap{background-color:#69727d;color:#fff}.elementor-widget-text-editor.elementor-drop-cap-view-framed .elementor-drop-cap{color:#69727d;border:3px solid;background-color:transparent}.elementor-widget-text-editor:not(.elementor-drop-cap-view-default) .elementor-drop-cap{margin-top:8px}.elementor-widget-text-editor:not(.elementor-drop-cap-view-default) .elementor-drop-cap-letter{width:1em;height:1em}.elementor-widget-text-editor .elementor-drop-cap{float:left;text-align:center;line-height:1;font-size:50px}.elementor-widget-text-editor .elementor-drop-cap-letter{display:inline-block}<\/style>\t\t\t\t<p>V distribucijskem centru Moto-Nautika se po uspe\u0161ni navti\u010dni sezoni obeta izjemno pestra jesen. \u017de takoj v za\u010detku septembra bomo sezono nadaljevali s <strong>Hi\u0161nim sejmom Moto-Nautika, ki bo potekal od 3. do 5. septembra 2026<\/strong>, nato pa nas \u010dakajo \u0161e trije pomembni evropski navti\u010dni dogodki \u2013 <strong>Cannes Yachting Festival, Genoa International Boat Show in Biograd Boat Show<\/strong>.<\/p>\t\t\t\t\t\t<\/div>\n\t\t\t\t<\/div>\n\t\t\t\t\t<\/div>\n\t\t\t\t<\/div>\n\t\t<div class=\"elementor-element elementor-element-176e8e4 e-flex e-con-boxed e-con e-parent\" data-id=\"176e8e4\" data-element_type=\"container\">\n\t\t\t\t\t<div class=\"e-con-inner\">\n\t\t\t\t<div class=\"elementor-element elementor-element-8851a00 elementor-widget elementor-widget-text-editor\" data-id=\"8851a00\" data-element_type=\"widget\" data-widget_type=\"text-editor.default\">\n\t\t\t\t<div class=\"elementor-widget-container\">\n\t\t\t\t\t\t\t<p>Jesen bomo za\u010deli doma. Od<strong> 3. do 5. septembra 2026<\/strong> bo v distribucijskem centru Moto-Nautika potekal <strong><a href=\"https:\/\/moto-nautika.com\/it\/blog\/navtika\/vabljeni-na-hisni-sejem-plovil\/\">Hi\u0161ni sejem plovil 2026.<\/a> <\/strong>Za nami je \u0161e ena uspe\u0161na navti\u010dna sezona, za kar smo na\u0161im strankam iskreno hvale\u017eni. Ker je nekaj izbranih plovil kljub temu \u0161e ostalo na zalogi, smo za \u010das Hi\u0161nega sejma pripravili posebne sejemske ugodnosti \u2013 tudi dodatne popuste na \u017ee zni\u017eane cene plovil.<\/p><p>Hi\u0161ni sejem bo zato odli\u010dna prilo\u017enost za vse, ki razmi\u0161ljajo o nakupu novega plovila, <strong><a href=\"https:\/\/moto-nautika.com\/it\/blog\/navtika\/zamenjajte-vase-staro-plovilo-za-novo-na-moto-nautiki\/\">menjavi obstoje\u010dega<\/a><\/strong> ali \u017eelijo \u017ee zdaj rezervirati model za sezono 2027. Na enem mestu bo mogo\u010de pregledati \u0161iroko ponudbo plovil, motorjev in navti\u010dne opreme ter se osebno posvetovati z na\u0161o prodajno ekipo.<\/p>\t\t\t\t\t\t<\/div>\n\t\t\t\t<\/div>\n\t\t\t\t\t<\/div>\n\t\t\t\t<\/div>\n\t\t<div class=\"elementor-element elementor-element-e27dd96 e-flex e-con-boxed e-con e-parent\" data-id=\"e27dd96\" data-element_type=\"container\">\n\t\t\t\t\t<div class=\"e-con-inner\">\n\t\t\t\t<div class=\"elementor-element elementor-element-4967b24 elementor-widget elementor-widget-text-editor\" data-id=\"4967b24\" data-element_type=\"widget\" data-widget_type=\"text-editor.default\">\n\t\t\t\t<div class=\"elementor-widget-container\">\n\t\t\t\t\t\t\t<h2><strong>Cannes: za\u010detek mednarodne sejemske jeseni<\/strong><\/h2><p>Le nekaj dni pozneje se selimo na <strong>Festival Nautico di Cannes<\/strong>, ki bo potekal od <strong>8. do 13. septembra 2026<\/strong>. Gre za enega najpresti\u017enej\u0161ih navti\u010dnih dogodkov v Evropi, kjer proizvajalci tradicionalno predstavljajo svoje najpomembnej\u0161e novosti, premiere in modele za prihajajo\u010do sezono.<\/p><p>Tudi letos bo mogo\u010de videti \u0161tevilna plovila blagovnih znamk, ki jih zastopamo v Moto-Nautiki.<\/p><p><strong><a href=\"https:\/\/moto-nautika.com\/it\/navtika\/gumenjaki\/zar-formenti\/\">ZAR Formenti<\/a> v Cannesu<\/strong><\/p><p>V vodi bodo razstavljeni:<\/p><ul><li><strong>ZAR 79 SL<\/strong><\/li><li><strong>ZAR 85 SL<\/strong><\/li><li><strong>ZAR 95 SL<\/strong><\/li><\/ul><p><strong>GRAND Boats v Cannesu<\/strong><\/p><p><a href=\"https:\/\/moto-nautika.com\/it\/navtika\/gumenjaki\/grandboats\/\"><strong>GRAND Boats<\/strong><\/a> bo predstavil tri modele:<\/p><ul><li><strong>GRAND G980<\/strong><\/li><li><strong>GRAND G750<\/strong><\/li><li><strong>GRAND G680<\/strong><\/li><\/ul><p><strong><a href=\"https:\/\/moto-nautika.com\/it\/navtika\/motorna-plovila\/ranieri\/\">Ranieri International<\/a> v Cannesu<\/strong><\/p><p>Ranieri International bo obiskovalcem predstavil:<\/p><ul><li><strong>Cayman 41.0 Hard Top<\/strong><\/li><li><strong>Cayman 50.0 Hard Top<\/strong><\/li><li><strong>Next 370 SH z 2 \u00d7 Yamaha 450 in joystick upravljanjem<\/strong><\/li><\/ul><p>Cannes bo tako odli\u010dna prilo\u017enost za ogled nekaterih najve\u010djih in tehnolo\u0161ko najnaprednej\u0161ih modelov teh blagovnih znamk na enem mestu.<\/p>\t\t\t\t\t\t<\/div>\n\t\t\t\t<\/div>\n\t\t\t\t<div class=\"elementor-element elementor-element-54fe73e elementor-widget elementor-widget-video\" data-id=\"54fe73e\" data-element_type=\"widget\" data-settings=\"{&quot;youtube_url&quot;:&quot;https:\\\/\\\/www.youtube.com\\\/watch?v=P8f5j9sacGQ&quot;,&quot;video_type&quot;:&quot;youtube&quot;,&quot;controls&quot;:&quot;yes&quot;}\" data-widget_type=\"video.default\">\n\t\t\t\t<div class=\"elementor-widget-container\">\n\t\t\t<style>\/*! elementor - v3.21.0 - 25-04-2024 *\/\n.elementor-widget-video .elementor-widget-container{overflow:hidden;transform:translateZ(0)}.elementor-widget-video .elementor-wrapper{aspect-ratio:var(--video-aspect-ratio)}.elementor-widget-video .elementor-wrapper iframe,.elementor-widget-video .elementor-wrapper video{height:100%;width:100%;display:flex;border:none;background-color:#000}@supports not (aspect-ratio:1\/1){.elementor-widget-video .elementor-wrapper{position:relative;overflow:hidden;height:0;padding-bottom:calc(100% \/ var(--video-aspect-ratio))}.elementor-widget-video .elementor-wrapper iframe,.elementor-widget-video .elementor-wrapper video{position:absolute;top:0;right:0;bottom:0;left:0}}.elementor-widget-video .elementor-open-inline .elementor-custom-embed-image-overlay{position:absolute;top:0;right:0;bottom:0;left:0;background-size:cover;background-position:50%}.elementor-widget-video .elementor-custom-embed-image-overlay{cursor:pointer;text-align:center}.elementor-widget-video .elementor-custom-embed-image-overlay:hover .elementor-custom-embed-play i{opacity:1}.elementor-widget-video .elementor-custom-embed-image-overlay img{display:block;width:100%;aspect-ratio:var(--video-aspect-ratio);-o-object-fit:cover;object-fit:cover;-o-object-position:center center;object-position:center center}@supports not (aspect-ratio:1\/1){.elementor-widget-video .elementor-custom-embed-image-overlay{position:relative;overflow:hidden;height:0;padding-bottom:calc(100% \/ var(--video-aspect-ratio))}.elementor-widget-video .elementor-custom-embed-image-overlay img{position:absolute;top:0;right:0;bottom:0;left:0}}.elementor-widget-video .e-hosted-video .elementor-video{-o-object-fit:cover;object-fit:cover}.e-con-inner>.elementor-widget-video,.e-con>.elementor-widget-video{width:var(--container-widget-width);--flex-grow:var(--container-widget-flex-grow)}<\/style>\t\t<div class=\"elementor-wrapper elementor-open-inline\">\n\t\t\t<div class=\"elementor-video\"><\/div>\t\t<\/div>\n\t\t\t\t<\/div>\n\t\t\t\t<\/div>\n\t\t\t\t\t<\/div>\n\t\t\t\t<\/div>\n\t\t<div class=\"elementor-element elementor-element-2288b7f e-flex e-con-boxed e-con e-parent\" data-id=\"2288b7f\" data-element_type=\"container\">\n\t\t\t\t\t<div class=\"e-con-inner\">\n\t\t\t\t<div class=\"elementor-element elementor-element-f8beac3 elementor-widget elementor-widget-text-editor\" data-id=\"f8beac3\" data-element_type=\"widget\" data-widget_type=\"text-editor.default\">\n\t\t\t\t<div class=\"elementor-widget-container\">\n\t\t\t\t\t\t\t<h2><strong>Genova: ena klju\u010dnih postaj jesenske sejemske sezone<\/strong><\/h2><p>Jesensko sejemsko dogajanje bomo nadaljevali na <strong>Genoa International Boat Showu<\/strong>, ki bo potekal od <strong>1. do 6. oktobra 2026<\/strong>.<\/p><p>Genova velja za eno najpomembnej\u0161ih sti\u010di\u0161\u010d evropske navti\u010dne industrije, leto\u0161nja predstavitev znamk ZAR Formenti in Ranieri International pa bo \u0161e posebej obse\u017ena.<\/p><h3><strong>ZAR Formenti\u00a0<\/strong><\/h3><p>Na kopnem bodo na ogled naslednja plovila <strong><a href=\"https:\/\/moto-nautika.com\/it\/navtika\/gumenjaki\/zar-formenti\/\">Zar Formenti:<\/a><\/strong><\/p><ul><li><strong>ZF0<\/strong><\/li><li><strong>ZAR 53 CL<\/strong><\/li><li><strong>ZAR 57 WD CL<\/strong><\/li><li><strong>ZAR 65 CL<\/strong><\/li><li><strong>ZAR 79 SL Plus<\/strong><\/li><li><strong>ZAR 85 SL<\/strong><\/li><li><strong>ZAR 95 SL<\/strong><\/li><li><strong>NAXOS 23<\/strong> na razstavnem prostoru Honda<\/li><\/ul><p>V vodi bodo obiskovalci lahko videli:<\/p><ul><li><strong>ZAR 79 SL<\/strong> na razstavnem prostoru Suzuki<\/li><li><strong>ZAR 85 SL<\/strong><\/li><li><strong>ZAR 95 SL<\/strong><\/li><li><strong>ZAR Imagine 115<\/strong><\/li><li><strong>ZAR Imagine 130<\/strong><\/li><\/ul>\t\t\t\t\t\t<\/div>\n\t\t\t\t<\/div>\n\t\t\t\t\t<\/div>\n\t\t\t\t<\/div>\n\t\t<div class=\"elementor-element elementor-element-178f812 e-flex e-con-boxed e-con e-parent\" data-id=\"178f812\" data-element_type=\"container\">\n\t\t\t\t\t<div class=\"e-con-inner\">\n\t\t\t\t<div class=\"elementor-element elementor-element-7d969c7 elementor-widget elementor-widget-text-editor\" data-id=\"7d969c7\" data-element_type=\"widget\" data-widget_type=\"text-editor.default\">\n\t\t\t\t<div class=\"elementor-widget-container\">\n\t\t\t\t\t\t\t<h2><strong>Ranieri International z impresivno floto<\/strong><\/h2><p><a href=\"https:\/\/moto-nautika.com\/it\/navtika\/motorna-plovila\/ranieri\/\"><strong>Ranieri International<\/strong><\/a> bo v Genovi pripravil izjemno \u0161iroko predstavitev svojih modelov.<\/p><h3><strong>Plovila na ogled v paviljonu B<\/strong><\/h3><p>Potrete vedere:\u00a0<\/p><ul><li><strong>Cayman 37.0 Hard Top<\/strong><\/li><li><strong>Cayman 33.0 Executive<\/strong><\/li><li><strong>Cayman 28.0 Executive<\/strong><\/li><li><strong>Cayman 27.0 Sport Touring<\/strong><\/li><li><strong>Cayman 23.0 Sport Touring<\/strong><\/li><li><strong>Cayman 21.0 Sport<\/strong><\/li><li><strong>Prossimi 330 LX<\/strong><\/li><li><strong>Prossimo 285 LX<\/strong><\/li><li><strong>Prossimo 275 LX<\/strong><\/li><li><strong>Avanti 255 LX<\/strong><\/li><li><strong>Voyager 19 S<\/strong><\/li><\/ul><h3><strong>Na ogled v vodi\u00a0<\/strong><\/h3><p>V vodi bodo predstavljeni:<\/p><ul><li><strong>Cayman 50.0<\/strong> s 4 \u00d7 Mercury 425 in joystick upravljanjem<\/li><li><strong>Cayman 41.0<\/strong> z 2 \u00d7 Suzuki DF350<\/li><li><strong>Cayman 37.0<\/strong> z 2 \u00d7 Honda BF350<\/li><\/ul><h3><strong>Plovila Vertex Yachts v vodi\u00a0<\/strong><\/h3><p>Na razstavnem prostoru Vertex bosta predstavljena:<\/p><ul><li><strong>Vertex Quarantacinque Z<\/strong> s 3 \u00d7 Mercury 425 in joystick upravljanjem<\/li><li><strong>Ranieri Next 370 SH<\/strong> z 2 \u00d7 Yamaha 450 in joystick upravljanjem<\/li><\/ul><h3 class=\"PDq2pG_selectionAnchorContainer\" data-section-id=\"oogsod\" data-start=\"68\" data-end=\"78\">Suzuki<\/h3><p data-start=\"80\" data-end=\"122\">Na razstavnem prostoru Suzuki bo na ogled:<\/p><ul data-start=\"124\" data-end=\"160\"><li data-section-id=\"m3tmkd\" data-start=\"124\" data-end=\"160\"><strong data-start=\"126\" data-end=\"141\">Prossimi 330 LX<\/strong> z 2 \u00d7 Suzuki 300AP<\/li><\/ul><h3 data-section-id=\"76prsa\" data-start=\"162\" data-end=\"171\">Honda<\/h3><p data-start=\"173\" data-end=\"218\">Na razstavnem prostoru Honda bo predstavljen:<\/p><ul data-start=\"220\" data-end=\"253\"><li data-section-id=\"1kdsbe7\" data-start=\"220\" data-end=\"253\"><strong data-start=\"222\" data-end=\"237\">Cayman 33.0<\/strong> z 2 \u00d7 Honda 300<\/li><\/ul><h3 data-section-id=\"y14yez\" data-start=\"255\" data-end=\"265\">Yamaha<\/h3><p data-start=\"267\" data-end=\"317\">Na razstavnem prostoru Yamaha pa bo mogo\u010de videti:<\/p><ul data-start=\"319\" data-end=\"378\"><li data-section-id=\"qkkrja\" data-start=\"319\" data-end=\"378\"><strong data-start=\"321\" data-end=\"336\">Cayman 38.0<\/strong> z 2 \u00d7 Yamaha 350 in joystick upravljanjem<\/li><\/ul><p data-start=\"616\" data-end=\"815\" data-is-last-node=\"\" data-is-only-node=\"\"><strong data-start=\"616\" data-end=\"815\" data-is-last-node=\"\">Modeli Ranieri International bodo v Genovi predstavljeni tudi v sodelovanju z vodilnimi proizvajalci izvenkrmnih motorjev, kar dodatno poudarja tehni\u010dno \u0161irino in mednarodno prepoznavnost znamke.<\/strong><\/p>\t\t\t\t\t\t<\/div>\n\t\t\t\t<\/div>\n\t\t\t\t\t<\/div>\n\t\t\t\t<\/div>\n\t\t<div class=\"elementor-element elementor-element-2f39065 e-flex e-con-boxed e-con e-parent\" data-id=\"2f39065\" data-element_type=\"container\">\n\t\t\t\t\t<div class=\"e-con-inner\">\n\t\t\t\t<div class=\"elementor-element elementor-element-4fdd7ec elementor-widget elementor-widget-video\" data-id=\"4fdd7ec\" data-element_type=\"widget\" data-settings=\"{&quot;youtube_url&quot;:&quot;https:\\\/\\\/www.youtube.com\\\/watch?v=-Sqp2cy9C78&quot;,&quot;video_type&quot;:&quot;youtube&quot;,&quot;controls&quot;:&quot;yes&quot;}\" data-widget_type=\"video.default\">\n\t\t\t\t<div class=\"elementor-widget-container\">\n\t\t\t\t\t<div class=\"elementor-wrapper elementor-open-inline\">\n\t\t\t<div class=\"elementor-video\"><\/div>\t\t<\/div>\n\t\t\t\t<\/div>\n\t\t\t\t<\/div>\n\t\t\t\t<div class=\"elementor-element elementor-element-53ce455 elementor-widget elementor-widget-text-editor\" data-id=\"53ce455\" data-element_type=\"widget\" data-widget_type=\"text-editor.default\">\n\t\t\t\t<div class=\"elementor-widget-container\">\n\t\t\t\t\t\t\t<h2><strong>Biograd: plovila bo mogo\u010de tudi preizkusiti<\/strong><\/h2><p>Jesensko sejemsko obdobje bomo zaklju\u010dili na <strong>Biograd Boat Showu<\/strong>, ki bo potekal od <strong>21. do 25. oktobra 2026<\/strong>.<\/p><p>Gre za enega najpomembnej\u0161ih navti\u010dnih dogodkov na Jadranu in tradicionalno pomembno sti\u010di\u0161\u010de kupcev, proizvajalcev, distributerjev ter drugih predstavnikov navti\u010dne industrije.<\/p><p>Posebnost leto\u0161nje predstavitve bo mo\u017enost <strong>testnih vo\u017eenj<\/strong>, saj bodo obiskovalci izbrana plovila lahko spoznali neposredno na vodi ter tako najbolje ob\u010dutili njihove plovne lastnosti, udobje in zmogljivost.<\/p><p>Za testne vo\u017enje bodo predvidoma na voljo:<\/p><ul><li><strong><a href=\"https:\/\/moto-nautika.com\/it\/navtika\/gumenjaki\/ranieri-cayman\/cayman-28-sport-executive\/\">Ranieri Cayman 28<\/a> Executive<\/strong><\/li><li><a href=\"https:\/\/moto-nautika.com\/it\/navtika\/gumenjaki\/grandboats\/drive-line\/grand-d950-drive\/\"><strong>GRAND D950<\/strong><\/a><\/li><li><a href=\"https:\/\/moto-nautika.com\/it\/navtika\/gumenjaki\/grandboats\/golden-line\/grand-g980\/\"><strong>GRAND G980<\/strong><\/a><\/li><li><a href=\"https:\/\/moto-nautika.com\/it\/navtika\/motorna-plovila\/ranieri\/sundeck-line\/next-275-lx\/\"><strong>Ranieri Next 275<\/strong><\/a><\/li><\/ul><p>Za vse, ki razmi\u0161ljajo o nakupu novega plovila, bo Biograd tako odli\u010dna prilo\u017enost, da posamezne modele ne le vidijo, temve\u010d jih tudi preizkusijo v realnih razmerah.<\/p>\t\t\t\t\t\t<\/div>\n\t\t\t\t<\/div>\n\t\t\t\t<div class=\"elementor-element elementor-element-c17f894 elementor-widget elementor-widget-video\" data-id=\"c17f894\" data-element_type=\"widget\" data-settings=\"{&quot;youtube_url&quot;:&quot;https:\\\/\\\/www.youtube.com\\\/watch?v=q2zguQOdRQ0&quot;,&quot;video_type&quot;:&quot;youtube&quot;,&quot;controls&quot;:&quot;yes&quot;}\" data-widget_type=\"video.default\">\n\t\t\t\t<div class=\"elementor-widget-container\">\n\t\t\t\t\t<div class=\"elementor-wrapper elementor-open-inline\">\n\t\t\t<div class=\"elementor-video\"><\/div>\t\t<\/div>\n\t\t\t\t<\/div>\n\t\t\t\t<\/div>\n\t\t\t\t\t<\/div>\n\t\t\t\t<\/div>\n\t\t<div class=\"elementor-element elementor-element-c219fde e-flex e-con-boxed e-con e-parent\" data-id=\"c219fde\" data-element_type=\"container\">\n\t\t\t\t\t<div class=\"e-con-inner\">\n\t\t\t\t<div class=\"elementor-element elementor-element-fd0b36d elementor-widget elementor-widget-text-editor\" data-id=\"fd0b36d\" data-element_type=\"widget\" data-widget_type=\"text-editor.default\">\n\t\t\t\t<div class=\"elementor-widget-container\">\n\t\t\t\t\t\t\t<h2><strong>Jesen \u017ee odpira vrata sezoni 2027<\/strong><\/h2><p>Za Moto-Nautiko obisk mednarodnih sejmov ni zgolj predstavitev aktualne ponudbe. Pomembni so predvsem neposreden stik s proizvajalci, spremljanje razvoja novih modelov in tehnologij ter pregled trendov, ki bodo zaznamovali prihodnjo navti\u010dno sezono.<\/p><p>Od doma\u010dega Hi\u0161nega sejma do Cannesa, Genove in Biograda bo tako leto\u0161nja jesen v znamenju novih modelov, testnih vo\u017eenj, sre\u010danj s partnerji in \u017ee prvih pogledov proti <strong>navti\u010dni sezoni 2027<\/strong>.<\/p>\t\t\t\t\t\t<\/div>\n\t\t\t\t<\/div>\n\t\t\t\t\t<\/div>\n\t\t\t\t<\/div>\n\t\t\t\t<\/div>","protected":false},"excerpt":{"rendered":"<p>Od Hi\u0161nega sejma do Biograd Boat Showa<\/p>","protected":false},"author":5,"featured_media":36331,"comment_status":"open","ping_status":"open","sticky":false,"template":"","format":"standard","meta":{"_acf_changed":false,"footnotes":""},"categories":[4],"tags":[],"class_list":["post-36324","post","type-post","status-publish","format-standard","has-post-thumbnail","hentry","category-navtika"],"acf":[],"_links":{"self":[{"href":"https:\/\/moto-nautika.com\/it\/wp-json\/wp\/v2\/posts\/36324","targetHints":{"allow":["GET"]}}],"collection":[{"href":"https:\/\/moto-nautika.com\/it\/wp-json\/wp\/v2\/posts"}],"about":[{"href":"https:\/\/moto-nautika.com\/it\/wp-json\/wp\/v2\/types\/post"}],"author":[{"embeddable":true,"href":"https:\/\/moto-nautika.com\/it\/wp-json\/wp\/v2\/users\/5"}],"replies":[{"embeddable":true,"href":"https:\/\/moto-nautika.com\/it\/wp-json\/wp\/v2\/comments?post=36324"}],"version-history":[{"count":0,"href":"https:\/\/moto-nautika.com\/it\/wp-json\/wp\/v2\/posts\/36324\/revisions"}],"wp:featuredmedia":[{"embeddable":true,"href":"https:\/\/moto-nautika.com\/it\/wp-json\/wp\/v2\/media\/36331"}],"wp:attachment":[{"href":"https:\/\/moto-nautika.com\/it\/wp-json\/wp\/v2\/media?parent=36324"}],"wp:term":[{"taxonomy":"category","embeddable":true,"href":"https:\/\/moto-nautika.com\/it\/wp-json\/wp\/v2\/categories?post=36324"},{"taxonomy":"post_tag","embeddable":true,"href":"https:\/\/moto-nautika.com\/it\/wp-json\/wp\/v2\/tags?post=36324"}],"curies":[{"name":"wp","href":"https:\/\/api.w.org\/{rel}","templated":true}]}}